{"id":2256,"date":"2013-04-11T14:56:58","date_gmt":"2013-04-11T17:56:58","guid":{"rendered":"http:\/\/cbsa-passaros.com.br\/newsite\/?p=2256"},"modified":"2013-04-11T14:56:58","modified_gmt":"2013-04-11T17:56:58","slug":"convocacao-assembleia-geral-dia-280413","status":"publish","type":"post","link":"https:\/\/cbsa-passaros.com.br\/newsite\/?p=2256","title":{"rendered":"Convoca\u00e7\u00e3o &#8211; Assembl\u00e9ia Geral dia 28\/04\/13."},"content":{"rendered":"<p><span style=\"color: #0000ff;\"><strong><a href=\"http:\/\/cbsa-passaros.com.br\/newsite\/wp-content\/uploads\/2013\/04\/COMUNICADO.jpg\"><img decoding=\"async\" loading=\"lazy\" class=\"alignleft size-thumbnail wp-image-2259\" title=\"COMUNICADO\" src=\"http:\/\/cbsa-passaros.com.br\/newsite\/wp-content\/uploads\/2013\/04\/COMUNICADO-150x150.jpg\" alt=\"\" width=\"150\" height=\"150\" \/><\/a> \u201c<span style=\"text-decoration: underline;\">CONVOCA\u00c7\u00c3O\u201d<\/span><\/strong><\/span><\/p>\n<p><strong><span style=\"text-decoration: underline;\"> <\/span><\/strong><\/p>\n<p>CONFORME DETERMINA O ARTIGO N\u00ba14 DO ESTATUTO SOCIAL, FICAM CONVOCADOS OS SENHORES ASSOCIADOS PARA A ASSEMBL\u00c9IA GERAL <strong>\u201cORDIN\u00c1RIA\u201d<\/strong> QUE SER\u00c1 REALIZADA NO DIA<span style=\"color: #339966;\"> <strong>28 DE ABRIL DE<\/strong> <\/span><strong><span style=\"color: #339966;\">2013<\/span>,<\/strong> \u00c0S 9:00 HORAS EM PRIMEIRA CONVOCA\u00c7\u00c3O, E \u00c0S 10:00 HORAS EM SEGUNDA CONVOCA\u00c7\u00c3O, COM QUALQUER N\u00daMERO DE ASSOCIADOS PRESENTES EM NOSSA SEDE SOCIAL, SITUADA NA RUA: PAULO NOVAIS,779 \u2013 VILA VIT\u00d3RIA, EM SANTO ANDR\u00c9\/SP.<\/p>\n<p><span style=\"color: #ff0000;\"><strong><span style=\"text-decoration: underline;\">COM A SEGUINTE ORDEM DO DIA:<\/span><\/strong><\/span><\/p>\n<p><strong>A}<\/strong> ANALISAR E VOTAR O RELAT\u00d3RIO ANUAL E BALAN\u00c7O GERAL DAS ATIVIDADES ADMINISTRATIVAS E FISCAIS DO EXERC\u00cdCIO ANTERIOR ENCERRADO EM 31 DE DEZEMBRO, APRESENTADO PELA DIRETORIA \u00a0EXECUTIVA, JUNTAMENTE COM O PARECER DO CONSELHO FISCAL.<\/p>\n<p><strong>B}<\/strong> ANALISAR OUTROS ASSUNTOS DE INTERESSE DA ASSOCIA\u00c7\u00c3O.<\/p>\n<p>SOLICITAMOS A TODOS ASSOCIADOS QUE COMPARE\u00c7AM, POIS OS ASSUNTOS ABORDADOS S\u00c3O DE\u00a0 EXTREMA IMPORT\u00c2NCIA PARA TODOS MEMBROS DA ASSOCIA\u00c7\u00c3O.<\/p>\n<p>SANTO ANDR\u00c9, 28 DE MAR\u00c7O DE 2013.<\/p>\n<p><em> <\/em><\/p>\n<p><em>Atenciosamente<\/em><\/p>\n<p>Luiz Tonus<\/p>\n<p><strong>PRESIDENTE <\/strong><\/p>\n<p><strong>DIRETORIA EXECUTIVA<\/strong><\/p>\n","protected":false},"excerpt":{"rendered":"<p>\u201cCONVOCA\u00c7\u00c3O\u201d CONFORME DETERMINA O ARTIGO N\u00ba14 DO ESTATUTO SOCIAL, FICAM CONVOCADOS OS SENHORES ASSOCIADOS PARA A ASSEMBL\u00c9IA GERAL \u201cORDIN\u00c1RIA\u201d QUE SER\u00c1 REALIZADA NO DIA 28 DE ABRIL DE 2013, \u00c0S 9:00 HORAS EM PRIMEIRA CONVOCA\u00c7\u00c3O, E \u00c0S 10:00 HORAS EM SEGUNDA CONVOCA\u00c7\u00c3O, COM QUALQUER N\u00daMERO DE ASSOCIADOS PRESENTES EM NOSSA SEDE SOCIAL, SITUADA NA RUA:&hellip;<\/p>\n","protected":false},"author":2,"featured_media":0,"comment_status":"open","ping_status":"open","sticky":false,"template":"","format":"standard","meta":{"footnotes":""},"categories":[1],"tags":[],"_links":{"self":[{"href":"https:\/\/cbsa-passaros.com.br\/newsite\/index.php?rest_route=\/wp\/v2\/posts\/2256"}],"collection":[{"href":"https:\/\/cbsa-passaros.com.br\/newsite\/index.php?rest_route=\/wp\/v2\/posts"}],"about":[{"href":"https:\/\/cbsa-passaros.com.br\/newsite\/index.php?rest_route=\/wp\/v2\/types\/post"}],"author":[{"embeddable":true,"href":"https:\/\/cbsa-passaros.com.br\/newsite\/index.php?rest_route=\/wp\/v2\/users\/2"}],"replies":[{"embeddable":true,"href":"https:\/\/cbsa-passaros.com.br\/newsite\/index.php?rest_route=%2Fwp%2Fv2%2Fcomments&post=2256"}],"version-history":[{"count":5,"href":"https:\/\/cbsa-passaros.com.br\/newsite\/index.php?rest_route=\/wp\/v2\/posts\/2256\/revisions"}],"predecessor-version":[{"id":2262,"href":"https:\/\/cbsa-passaros.com.br\/newsite\/index.php?rest_route=\/wp\/v2\/posts\/2256\/revisions\/2262"}],"wp:attachment":[{"href":"https:\/\/cbsa-passaros.com.br\/newsite\/index.php?rest_route=%2Fwp%2Fv2%2Fmedia&parent=2256"}],"wp:term":[{"taxonomy":"category","embeddable":true,"href":"https:\/\/cbsa-passaros.com.br\/newsite\/index.php?rest_route=%2Fwp%2Fv2%2Fcategories&post=2256"},{"taxonomy":"post_tag","embeddable":true,"href":"https:\/\/cbsa-passaros.com.br\/newsite\/index.php?rest_route=%2Fwp%2Fv2%2Ftags&post=2256"}],"curies":[{"name":"wp","href":"https:\/\/api.w.org\/{rel}","templated":true}]}}