{"id":2263,"date":"2013-05-07T14:47:01","date_gmt":"2013-05-07T17:47:01","guid":{"rendered":"http:\/\/cbsa-passaros.com.br\/newsite\/?p=2263"},"modified":"2013-05-07T14:56:36","modified_gmt":"2013-05-07T17:56:36","slug":"noticias-e-eventos","status":"publish","type":"post","link":"https:\/\/cbsa-passaros.com.br\/newsite\/?p=2263","title":{"rendered":"Not\u00edcias e Eventos 2013 !!!"},"content":{"rendered":"<p><a href=\"http:\/\/cbsa-passaros.com.br\/newsite\/wp-content\/uploads\/2013\/05\/IMG_8502.jpg\"><img decoding=\"async\" loading=\"lazy\" class=\"alignleft size-thumbnail wp-image-2264\" title=\"IMG_8502\" src=\"http:\/\/cbsa-passaros.com.br\/newsite\/wp-content\/uploads\/2013\/05\/IMG_8502-150x150.jpg\" alt=\"\" width=\"150\" height=\"150\" \/><\/a> <span style=\"color: #0000ff;\"> <\/span><\/p>\n<p><span style=\"color: #0000ff;\"> Agradecemos a presen\u00e7a de todos associados, familiares e convidados que participaram da nossa festa realizada em homenagem aos ganhadores da Temporada\/2012.<\/span><\/p>\n<p><span style=\"color: #0000ff;\"> <span style=\"color: #008000;\">Agradecemos tamb\u00e9m a presen\u00e7a do Prefeito da nossa cidade Carlos Grana,\u00a0 Vice-prefeita Oswana Fameli, Deputado Federal Vanderlei Siraque, Vereadora Elisabete Siraque, juntamente com os demais membros do partido.<\/span><\/span><\/p>\n<p><span style=\"color: #0000ff;\"><br \/>\n<\/span><\/p>\n<p><span style=\"color: #0000ff;\"> <\/span><span style=\"color: #0000ff;\"> <\/span> <a href=\"http:\/\/cbsa-passaros.com.br\/newsite\/wp-content\/uploads\/2013\/05\/IMG_8404-001.jpg\"><img decoding=\"async\" loading=\"lazy\" class=\"alignleft size-thumbnail wp-image-2270\" title=\"IMG_8404-001\" src=\"http:\/\/cbsa-passaros.com.br\/newsite\/wp-content\/uploads\/2013\/05\/IMG_8404-001-150x150.jpg\" alt=\"\" width=\"150\" height=\"150\" \/><\/a> <span style=\"color: #008000;\">Temos a satisfa\u00e7\u00e3o de comunicar que nesta ocasi\u00e3o foi anunciado a todos os presentes pelo nosso prefeito, que o contrato de comodato da \u00e0rea da Associa\u00e7\u00e3o foi extendido por mais 40 anos.<br \/>\n<\/span><\/p>\n<p><span style=\"color: #ff0000;\">Obrigada a todos que se empenharam e lutaram por mais esta conquista da CBSA !!!<\/span><\/p>\n<p style=\"text-align: right;\"><a href=\"http:\/\/cbsa-passaros.com.br\/newsite\/wp-content\/uploads\/2013\/05\/foto-prefeito.jpg\"><img decoding=\"async\" loading=\"lazy\" class=\"alignleft size-thumbnail wp-image-2265\" title=\"foto prefeito\" src=\"http:\/\/cbsa-passaros.com.br\/newsite\/wp-content\/uploads\/2013\/05\/foto-prefeito-150x150.jpg\" alt=\"\" width=\"150\" height=\"150\" \/><\/a><\/p>\n","protected":false},"excerpt":{"rendered":"<p>Agradecemos a presen\u00e7a de todos associados, familiares e convidados que participaram da nossa festa realizada em homenagem aos ganhadores da Temporada\/2012. Agradecemos tamb\u00e9m a presen\u00e7a do Prefeito da nossa cidade Carlos Grana,\u00a0 Vice-prefeita Oswana Fameli, Deputado Federal Vanderlei Siraque, Vereadora Elisabete Siraque, juntamente com os demais membros do partido. Temos a satisfa\u00e7\u00e3o de comunicar que&hellip;<\/p>\n","protected":false},"author":2,"featured_media":0,"comment_status":"open","ping_status":"open","sticky":false,"template":"","format":"standard","meta":{"footnotes":""},"categories":[1],"tags":[],"_links":{"self":[{"href":"https:\/\/cbsa-passaros.com.br\/newsite\/index.php?rest_route=\/wp\/v2\/posts\/2263"}],"collection":[{"href":"https:\/\/cbsa-passaros.com.br\/newsite\/index.php?rest_route=\/wp\/v2\/posts"}],"about":[{"href":"https:\/\/cbsa-passaros.com.br\/newsite\/index.php?rest_route=\/wp\/v2\/types\/post"}],"author":[{"embeddable":true,"href":"https:\/\/cbsa-passaros.com.br\/newsite\/index.php?rest_route=\/wp\/v2\/users\/2"}],"replies":[{"embeddable":true,"href":"https:\/\/cbsa-passaros.com.br\/newsite\/index.php?rest_route=%2Fwp%2Fv2%2Fcomments&post=2263"}],"version-history":[{"count":9,"href":"https:\/\/cbsa-passaros.com.br\/newsite\/index.php?rest_route=\/wp\/v2\/posts\/2263\/revisions"}],"predecessor-version":[{"id":2273,"href":"https:\/\/cbsa-passaros.com.br\/newsite\/index.php?rest_route=\/wp\/v2\/posts\/2263\/revisions\/2273"}],"wp:attachment":[{"href":"https:\/\/cbsa-passaros.com.br\/newsite\/index.php?rest_route=%2Fwp%2Fv2%2Fmedia&parent=2263"}],"wp:term":[{"taxonomy":"category","embeddable":true,"href":"https:\/\/cbsa-passaros.com.br\/newsite\/index.php?rest_route=%2Fwp%2Fv2%2Fcategories&post=2263"},{"taxonomy":"post_tag","embeddable":true,"href":"https:\/\/cbsa-passaros.com.br\/newsite\/index.php?rest_route=%2Fwp%2Fv2%2Ftags&post=2263"}],"curies":[{"name":"wp","href":"https:\/\/api.w.org\/{rel}","templated":true}]}}