{"id":4650,"date":"2017-10-30T08:08:32","date_gmt":"2017-10-30T11:08:32","guid":{"rendered":"http:\/\/cbsa-passaros.com.br\/newsite\/?p=4650"},"modified":"2017-12-07T09:30:19","modified_gmt":"2017-12-07T12:30:19","slug":"convocacao-assembleia-dia-19122015","status":"publish","type":"post","link":"https:\/\/cbsa-passaros.com.br\/newsite\/?p=4650","title":{"rendered":"Convoca\u00e7\u00e3o &#8211; Assembl\u00e9ia dia 25\/11\/2017."},"content":{"rendered":"<h1 style=\"text-align: center;\"><span style=\"text-decoration: underline;\"><span style=\"color: #0000ff;\"><strong><br \/>\n<a href=\"http:\/\/cbsa-passaros.com.br\/newsite\/wp-content\/uploads\/2015\/12\/convoc.png\"><img decoding=\"async\" loading=\"lazy\" class=\"aligncenter size-medium wp-image-4652\" title=\"convoc\" src=\"http:\/\/cbsa-passaros.com.br\/newsite\/wp-content\/uploads\/2015\/12\/convoc-300x211.png\" alt=\"\" width=\"300\" height=\"211\" srcset=\"https:\/\/cbsa-passaros.com.br\/newsite\/wp-content\/uploads\/2015\/12\/convoc-300x211.png 300w, https:\/\/cbsa-passaros.com.br\/newsite\/wp-content\/uploads\/2015\/12\/convoc.png 640w\" sizes=\"(max-width: 300px) 100vw, 300px\" \/><\/a><\/strong><\/span><\/span><\/h1>\n<p><span style=\"text-decoration: underline;\"><span style=\"color: #0000ff;\"><strong><br \/>\n<\/strong><\/span><\/span><\/p>\n<h5><span style=\"text-decoration: underline;\"><br \/>\n<\/span><\/h5>\n<h2>Conforme determina o artigo n.\u00ba 18 do estatuto social, ficam convocados os Senhores Associados para a Assembl\u00e9ia Geral <strong>\u201c<span style=\"text-decoration: underline;\">ORDIN\u00c1RIA<\/span>\u201d<\/strong><span style=\"font-size: 13px; font-weight: normal;\"> que ser\u00e1 realizada no dia 25 de Novembro de 2017 \u00e0s 9:00 horas em primeira convoca\u00e7\u00e3o, ou \u00e0s 9:15 horas em segunda convoca\u00e7\u00e3o. Com qualquer n\u00famero de associados presentes em nossa sede social, situada na Rua Paulo Novais, 779 &#8211; Vila Vit\u00f3ria na cidade de Santo Andr\u00e9. (Galp\u00e3o 03, local de torneio de Can\u00e1rio Fibra nos fundos)<\/span><\/h2>\n<p><strong> <span style=\"text-decoration: underline;\">COM A SEGUINTE ORDEM DO DIA<\/span><\/strong><\/p>\n<p><strong> <\/strong><\/p>\n<p><strong>A-)<\/strong> Demonstra\u00e7\u00f5es financeira referente ao exerc\u00edcio 2017.<\/p>\n<p><strong> B-)<\/strong> Definir o calend\u00e1rio e valores dos torneios de ver\u00e3o 2018.<\/p>\n<p><strong> C-) <\/strong>Abordar outros assuntos de interesse geral.<\/p>\n<p>Solicitamos aos associados que compare\u00e7am a Assembl\u00e9ia, pois os assuntos a serem tratados s\u00e3o de extrema relev\u00e2ncia para os interesses de nossa Associa\u00e7\u00e3o.<\/p>\n<p style=\"text-align: right;\">Santo Andr\u00e9, 24 de Outubro de 2017.<\/p>\n<p style=\"text-align: center;\"><strong> <em>Jos\u00e9 Carlos Trindade Silva<\/em><\/strong><\/p>\n<p style=\"text-align: center;\"><strong><em>Presidente<\/em><\/strong><em> <\/em><\/p>\n<p style=\"text-align: center;\"><strong> <\/strong><\/p>\n<p style=\"text-align: center;\"><strong> <\/strong><\/p>\n<div style=\"text-align: center;\"><span class=\"fbPhotosPhotoCaption\" style=\"outline: none; display: inline; width: auto; font-size: 14px; line-height: 18px; color: #141823;\"><span class=\"hasCaption\"><em><span style=\"color: #ff0000;\">Confira aqui o link com a convoca\u00e7\u00e3o oficial: <span style=\"font-family: helvetica, arial, sans-serif;\"><strong><a href=\"http:\/\/cbsa-passaros.com.br\/newsite\/wp-content\/uploads\/2017\/10\/Convoca\u00e7\u00e3o1.pdf\">Convoca\u00e7\u00e3o<\/a><\/strong><\/span><\/span><\/em><\/span><\/span><\/div>\n","protected":false},"excerpt":{"rendered":"<p>Conforme determina o artigo n.\u00ba 18 do estatuto social, ficam convocados os Senhores Associados para a Assembl\u00e9ia Geral \u201cORDIN\u00c1RIA\u201d que ser\u00e1 realizada no dia 25 de Novembro de 2017 \u00e0s 9:00 horas em primeira convoca\u00e7\u00e3o, ou \u00e0s 9:15 horas em segunda convoca\u00e7\u00e3o. Com qualquer n\u00famero de associados presentes em nossa sede social, situada na Rua&hellip;<\/p>\n","protected":false},"author":2,"featured_media":0,"comment_status":"open","ping_status":"open","sticky":false,"template":"","format":"standard","meta":{"footnotes":""},"categories":[1],"tags":[],"_links":{"self":[{"href":"https:\/\/cbsa-passaros.com.br\/newsite\/index.php?rest_route=\/wp\/v2\/posts\/4650"}],"collection":[{"href":"https:\/\/cbsa-passaros.com.br\/newsite\/index.php?rest_route=\/wp\/v2\/posts"}],"about":[{"href":"https:\/\/cbsa-passaros.com.br\/newsite\/index.php?rest_route=\/wp\/v2\/types\/post"}],"author":[{"embeddable":true,"href":"https:\/\/cbsa-passaros.com.br\/newsite\/index.php?rest_route=\/wp\/v2\/users\/2"}],"replies":[{"embeddable":true,"href":"https:\/\/cbsa-passaros.com.br\/newsite\/index.php?rest_route=%2Fwp%2Fv2%2Fcomments&post=4650"}],"version-history":[{"count":17,"href":"https:\/\/cbsa-passaros.com.br\/newsite\/index.php?rest_route=\/wp\/v2\/posts\/4650\/revisions"}],"predecessor-version":[{"id":5192,"href":"https:\/\/cbsa-passaros.com.br\/newsite\/index.php?rest_route=\/wp\/v2\/posts\/4650\/revisions\/5192"}],"wp:attachment":[{"href":"https:\/\/cbsa-passaros.com.br\/newsite\/index.php?rest_route=%2Fwp%2Fv2%2Fmedia&parent=4650"}],"wp:term":[{"taxonomy":"category","embeddable":true,"href":"https:\/\/cbsa-passaros.com.br\/newsite\/index.php?rest_route=%2Fwp%2Fv2%2Fcategories&post=4650"},{"taxonomy":"post_tag","embeddable":true,"href":"https:\/\/cbsa-passaros.com.br\/newsite\/index.php?rest_route=%2Fwp%2Fv2%2Ftags&post=4650"}],"curies":[{"name":"wp","href":"https:\/\/api.w.org\/{rel}","templated":true}]}}