{"id":5059,"date":"2016-11-22T09:49:39","date_gmt":"2016-11-22T12:49:39","guid":{"rendered":"http:\/\/cbsa-passaros.com.br\/newsite\/?p=5059"},"modified":"2017-10-30T15:29:58","modified_gmt":"2017-10-30T18:29:58","slug":"convocacao-reuniao-dia-10122016","status":"publish","type":"post","link":"https:\/\/cbsa-passaros.com.br\/newsite\/?p=5059","title":{"rendered":"Convoca\u00e7\u00e3o &#8211; Reuni\u00e3o dia 03\/12\/2016."},"content":{"rendered":"<h2 style=\"text-align: center;\"><a href=\"http:\/\/cbsa-passaros.com.br\/newsite\/wp-content\/uploads\/2016\/11\/assemb_geral-extra1.jpg\"><\/a><\/h2>\n<p style=\"text-align: center;\"><img decoding=\"async\" loading=\"lazy\" class=\"size-medium wp-image-5062 aligncenter\" title=\"assemb_geral-extra\" src=\"http:\/\/cbsa-passaros.com.br\/newsite\/wp-content\/uploads\/2016\/11\/assemb_geral-extra1-300x180.jpg\" alt=\"\" width=\"300\" height=\"180\" srcset=\"https:\/\/cbsa-passaros.com.br\/newsite\/wp-content\/uploads\/2016\/11\/assemb_geral-extra1-300x180.jpg 300w, https:\/\/cbsa-passaros.com.br\/newsite\/wp-content\/uploads\/2016\/11\/assemb_geral-extra1.jpg 692w\" sizes=\"(max-width: 300px) 100vw, 300px\" \/><\/p>\n<h2 style=\"text-align: center;\">Conforme determina o artigo n.\u00ba 18 do estatuto social, ficam convocados os Senhores Associados para a Assembl\u00e9ia Geral <strong>\u201c<span style=\"text-decoration: underline;\">EXTRAORDIN\u00c1RIA<\/span>\u201d<\/strong><span style=\"font-size: 13px; font-weight: normal;\"> que ser\u00e1 realizada no dia 03 de Dezembro de 2016 \u00e0s 9:00 horas em primeira convoca\u00e7\u00e3o, ou \u00e0s 10:00 horas em segunda convoca\u00e7\u00e3o. Com qualquer n\u00famero de associados presentes em nossa sede social, situada na Rua Paulo Novais, 779 &#8211; Vila Vit\u00f3ria na cidade de Santo Andr\u00e9.<\/span><\/h2>\n<p><strong> <span style=\"text-decoration: underline;\">COM A SEGUINTE ORDEM DO DIA:<\/span><\/strong><\/p>\n<p><strong> <\/strong><\/p>\n<p><strong>A-) <\/strong>Abordar assuntos referente ao patrim\u00f4nio e investimentos realizados.<\/p>\n<p><strong>B-)<\/strong> Definir valor referente anuidade para o ano de 2017.<\/p>\n<p><strong>C-) <\/strong>Definir valores de aluguel para os sal\u00f5es e \u00e1rea da churrasqueira.<\/p>\n<p><strong>D-) <\/strong>Previs\u00e3o dos Torneios 2017.<\/p>\n<p><strong>E-)<\/strong> Apresentar resumo dos Torneios de 2016.<\/p>\n<p><strong> <\/strong><\/p>\n<p><strong>F-)<\/strong> Apresentar presta\u00e7\u00e3o de contas da atual situa\u00e7\u00e3o financeira referente ao ano<\/p>\n<p>de 2016.<\/p>\n<p>Solicitamos aos associados que compare\u00e7am a Assembl\u00e9ia, pois os assuntos a serem tratados s\u00e3o de extrema relev\u00e2ncia para os interesses de nossa Associa\u00e7\u00e3o.<\/p>\n<p style=\"text-align: right;\">Santo Andr\u00e9, 01 de Novembro de 2016.<\/p>\n<p style=\"text-align: center;\"><em><strong>Jos\u00e9 Carlos Trindade Silva<\/strong><\/em><\/p>\n<p style=\"text-align: center;\"><em><strong>Presidente Diretoria Executiva.<\/strong><\/em><\/p>\n<p><strong> <\/strong><\/p>\n<p><strong> <\/strong><\/p>\n<p><strong> <\/strong><\/p>\n<p><strong> <\/strong><em> <\/em><\/p>\n","protected":false},"excerpt":{"rendered":"<p>Conforme determina o artigo n.\u00ba 18 do estatuto social, ficam convocados os Senhores Associados para a Assembl\u00e9ia Geral \u201cEXTRAORDIN\u00c1RIA\u201d que ser\u00e1 realizada no dia 03 de Dezembro de 2016 \u00e0s 9:00 horas em primeira convoca\u00e7\u00e3o, ou \u00e0s 10:00 horas em segunda convoca\u00e7\u00e3o. Com qualquer n\u00famero de associados presentes em nossa sede social, situada na Rua&hellip;<\/p>\n","protected":false},"author":2,"featured_media":0,"comment_status":"open","ping_status":"open","sticky":false,"template":"","format":"standard","meta":{"footnotes":""},"categories":[5,1],"tags":[],"_links":{"self":[{"href":"https:\/\/cbsa-passaros.com.br\/newsite\/index.php?rest_route=\/wp\/v2\/posts\/5059"}],"collection":[{"href":"https:\/\/cbsa-passaros.com.br\/newsite\/index.php?rest_route=\/wp\/v2\/posts"}],"about":[{"href":"https:\/\/cbsa-passaros.com.br\/newsite\/index.php?rest_route=\/wp\/v2\/types\/post"}],"author":[{"embeddable":true,"href":"https:\/\/cbsa-passaros.com.br\/newsite\/index.php?rest_route=\/wp\/v2\/users\/2"}],"replies":[{"embeddable":true,"href":"https:\/\/cbsa-passaros.com.br\/newsite\/index.php?rest_route=%2Fwp%2Fv2%2Fcomments&post=5059"}],"version-history":[{"count":8,"href":"https:\/\/cbsa-passaros.com.br\/newsite\/index.php?rest_route=\/wp\/v2\/posts\/5059\/revisions"}],"predecessor-version":[{"id":5372,"href":"https:\/\/cbsa-passaros.com.br\/newsite\/index.php?rest_route=\/wp\/v2\/posts\/5059\/revisions\/5372"}],"wp:attachment":[{"href":"https:\/\/cbsa-passaros.com.br\/newsite\/index.php?rest_route=%2Fwp%2Fv2%2Fmedia&parent=5059"}],"wp:term":[{"taxonomy":"category","embeddable":true,"href":"https:\/\/cbsa-passaros.com.br\/newsite\/index.php?rest_route=%2Fwp%2Fv2%2Fcategories&post=5059"},{"taxonomy":"post_tag","embeddable":true,"href":"https:\/\/cbsa-passaros.com.br\/newsite\/index.php?rest_route=%2Fwp%2Fv2%2Ftags&post=5059"}],"curies":[{"name":"wp","href":"https:\/\/api.w.org\/{rel}","templated":true}]}}