{"id":5880,"date":"2018-03-16T09:33:45","date_gmt":"2018-03-16T12:33:45","guid":{"rendered":"http:\/\/cbsa-passaros.com.br\/newsite\/?p=5880"},"modified":"2018-03-16T09:33:45","modified_gmt":"2018-03-16T12:33:45","slug":"convocacao","status":"publish","type":"post","link":"https:\/\/cbsa-passaros.com.br\/newsite\/?p=5880","title":{"rendered":"CONVOCA\u00c7\u00c3O"},"content":{"rendered":"<p style=\"text-align: center;\"><a href=\"http:\/\/cbsa-passaros.com.br\/newsite\/wp-content\/uploads\/2018\/03\/CONVOCACAO.jpg\"><img decoding=\"async\" loading=\"lazy\" class=\"size-thumbnail wp-image-5881 aligncenter\" title=\"CONVOCACAO\" src=\"http:\/\/cbsa-passaros.com.br\/newsite\/wp-content\/uploads\/2018\/03\/CONVOCACAO-150x135.jpg\" alt=\"\" width=\"150\" height=\"135\" \/><\/a><\/p>\n<h2><span style=\"font-weight: normal;\">Conforme determina o artigo n.\u00ba 14 do estatuto social, ficam convocados os Senhores Associados para a Assembl\u00e9ia Geral \u201c<span style=\"text-decoration: underline;\">ORDIN\u00c1RIA<\/span>\u201d que ser\u00e1 realizada no dia 14 de abril de 2018 \u00e0s 9:00 horas em primeira convoca\u00e7\u00e3o, ou \u00e0s 10:00 horas em segunda convoca\u00e7\u00e3o. Com qualquer n\u00famero de associados presentes em nossa sede social, situada na Rua Paulo Novais, 779 &#8211; Vila Vit\u00f3ria na cidade de Santo Andr\u00e9.<br \/>\n<\/span><\/h2>\n<p style=\"text-align: center;\"><strong> <span style=\"text-decoration: underline;\">COM A SEGUINTE ORDEM DO DIA<\/span><\/strong><\/p>\n<p style=\"text-align: center;\"><strong> <\/strong><\/p>\n<p style=\"text-align: center;\"><strong>A-)<\/strong> Eleger o Presidente, dois Vice-presidentes (1\u00ba e 2\u00ba), dois Secret\u00e1rios (1\u00ba e 2\u00ba), dois Tesoureiros (1\u00ba e 2\u00ba), dois Diretores de Patrim\u00f4nio e Comunica\u00e7\u00e3o (1\u00ba e 2\u00ba) e dois Diretores T\u00e9cnicos.<\/p>\n<p style=\"text-align: center;\">\n<p><strong> B-)<\/strong> Eleger tr\u00eas Membros do Conselho Fiscal e tr\u00eas Suplentes, elegendo-se nesta ocasi\u00e3o, o Presidente deste \u00f3rg\u00e3o.<\/p>\n<p>OBS: As Chapas que ir\u00e3o concorrer \u00e0 elei\u00e7\u00e3o do dia 14\/04\/2018 dever\u00e3o ser registradas em nossa secretaria at\u00e9 o dia 30\/03\/2018 das 8:30 hs \u00e0s 16:30 hs.<\/p>\n<p><strong> <\/strong><\/p>\n<p>Se houver mais de uma chapa concorrente a vota\u00e7\u00e3o ser\u00e1 estendida at\u00e9 as 13:00 hs.<\/p>\n<p>O candidato para concorrer ao cargo eletivo dever\u00e1 preencher os requisitos estatut\u00e1rios do artigo n\u00ba 29 do Estatuto Social. Sob Pena de sua postulagem ser indeferida.<\/p>\n<h2><\/h2>\n<p style=\"text-align: right;\">Santo Andr\u00e9, 14 de Mar\u00e7o de 2018.<\/p>\n","protected":false},"excerpt":{"rendered":"<p>Conforme determina o artigo n.\u00ba 14 do estatuto social, ficam convocados os Senhores Associados para a Assembl\u00e9ia Geral \u201cORDIN\u00c1RIA\u201d que ser\u00e1 realizada no dia 14 de abril de 2018 \u00e0s 9:00 horas em primeira convoca\u00e7\u00e3o, ou \u00e0s 10:00 horas em segunda convoca\u00e7\u00e3o. Com qualquer n\u00famero de associados presentes em nossa sede social, situada na Rua&hellip;<\/p>\n","protected":false},"author":2,"featured_media":0,"comment_status":"open","ping_status":"open","sticky":false,"template":"","format":"standard","meta":{"footnotes":""},"categories":[5],"tags":[],"_links":{"self":[{"href":"https:\/\/cbsa-passaros.com.br\/newsite\/index.php?rest_route=\/wp\/v2\/posts\/5880"}],"collection":[{"href":"https:\/\/cbsa-passaros.com.br\/newsite\/index.php?rest_route=\/wp\/v2\/posts"}],"about":[{"href":"https:\/\/cbsa-passaros.com.br\/newsite\/index.php?rest_route=\/wp\/v2\/types\/post"}],"author":[{"embeddable":true,"href":"https:\/\/cbsa-passaros.com.br\/newsite\/index.php?rest_route=\/wp\/v2\/users\/2"}],"replies":[{"embeddable":true,"href":"https:\/\/cbsa-passaros.com.br\/newsite\/index.php?rest_route=%2Fwp%2Fv2%2Fcomments&post=5880"}],"version-history":[{"count":2,"href":"https:\/\/cbsa-passaros.com.br\/newsite\/index.php?rest_route=\/wp\/v2\/posts\/5880\/revisions"}],"predecessor-version":[{"id":5883,"href":"https:\/\/cbsa-passaros.com.br\/newsite\/index.php?rest_route=\/wp\/v2\/posts\/5880\/revisions\/5883"}],"wp:attachment":[{"href":"https:\/\/cbsa-passaros.com.br\/newsite\/index.php?rest_route=%2Fwp%2Fv2%2Fmedia&parent=5880"}],"wp:term":[{"taxonomy":"category","embeddable":true,"href":"https:\/\/cbsa-passaros.com.br\/newsite\/index.php?rest_route=%2Fwp%2Fv2%2Fcategories&post=5880"},{"taxonomy":"post_tag","embeddable":true,"href":"https:\/\/cbsa-passaros.com.br\/newsite\/index.php?rest_route=%2Fwp%2Fv2%2Ftags&post=5880"}],"curies":[{"name":"wp","href":"https:\/\/api.w.org\/{rel}","templated":true}]}}