{"id":5987,"date":"2020-03-09T16:56:52","date_gmt":"2020-03-09T19:56:52","guid":{"rendered":"http:\/\/cbsa-passaros.com.br\/newsite\/?p=5987"},"modified":"2024-10-29T08:54:18","modified_gmt":"2024-10-29T11:54:18","slug":"nova-diretoria-cbsa-20182021","status":"publish","type":"post","link":"https:\/\/cbsa-passaros.com.br\/newsite\/?p=5987","title":{"rendered":"Nova Diretoria CBSA 2024\/2027 !!!"},"content":{"rendered":"<p style=\"text-align: center;\"><a href=\"http:\/\/cbsa-passaros.com.br\/newsite\/wp-content\/uploads\/2018\/05\/placa-diretoria-500x500.jpg\"><img decoding=\"async\" loading=\"lazy\" class=\"aligncenter size-thumbnail wp-image-5996\" title=\"placa-diretoria-500x500\" src=\"http:\/\/cbsa-passaros.com.br\/newsite\/wp-content\/uploads\/2018\/05\/placa-diretoria-500x500-150x150.jpg\" alt=\"\" width=\"150\" height=\"150\" srcset=\"https:\/\/cbsa-passaros.com.br\/newsite\/wp-content\/uploads\/2018\/05\/placa-diretoria-500x500-150x150.jpg 150w, https:\/\/cbsa-passaros.com.br\/newsite\/wp-content\/uploads\/2018\/05\/placa-diretoria-500x500-300x300.jpg 300w, https:\/\/cbsa-passaros.com.br\/newsite\/wp-content\/uploads\/2018\/05\/placa-diretoria-500x500.jpg 500w\" sizes=\"(max-width: 150px) 100vw, 150px\" \/><\/a><\/p>\n<h2>Nova Diretoria Executiva e Conselho Fiscal da CBSA !!!<\/h2>\n<h2><span style=\"color: #ff0000;\">(Mandato de Abril 2024 a Abril 2027).<\/span><\/h2>\n<h2>Que possamos realizar uma excelente gest\u00e3o, atingindo grandes resultados, com a participa\u00e7\u00e3o e apoio de todos!<\/h2>\n<h2><span style=\"text-decoration: underline;\"><em><span style=\"color: #3366ff;\">Diretoria Executiva:<\/span><\/em><\/span><\/h2>\n<h2>Presidente: Sr. Eduardo Soares Luz<br \/>\n1\u00ba Vice-Presidente: Sr. Denilson Rufino da Silva<\/h2>\n<p>&nbsp;<\/p>\n<h2>1\u00ba Secret\u00e1rio: Sr. Dairton Jos\u00e9 Belli Monteiro<\/h2>\n<p>&nbsp;<\/p>\n<h2>1\u00ba Tesoureiro: Sr. Eduardo Ramos<br \/>\n2\u00ba Tesoureiro: Sr. Sinval Rosa de Jesus<\/h2>\n<p>&nbsp;<\/p>\n<h2>1\u00ba Diretor de Patrim\u00f4nio e Comunica\u00e7\u00e3o: Sr Juan Leandro<br \/>\n2\u00ba Diretor de Patrim\u00f4nio e Comunica\u00e7\u00e3o: Sr. Jo\u00e3o Jos\u00e9 Reche Teruel<\/h2>\n<p>&nbsp;<\/p>\n<h2><span style=\"text-decoration: underline;\"><em><span style=\"color: #3366ff;\">Conselho Fiscal &#8211; Titulares:<\/span><\/em><\/span><\/h2>\n<h2>1\u00ba Conselheiro: Sr. Jose Sergio Marchiori<br \/>\n2\u00ba Conselheiro: Sr. Marcio de Lima Pessolato<br \/>\n3\u00ba Conselheiro: Sr. Waltair Venancio Rodrigues<\/h2>\n<p>&nbsp;<\/p>\n<h2><span style=\"text-decoration: underline;\"><em><span style=\"color: #3366ff;\">Conselho Fiscal &#8211; Suplentes:<\/span><\/em><\/span><\/h2>\n<h2>1\u00ba Conselheiro: Sr. Fernando Cordeiro dos Santos<br \/>\n2\u00ba Conselheiro: Sr. Mauricio Batista<br \/>\n3\u00ba Conselheiro: Sr. Marcio Alexandre da Silva<\/h2>\n<p>&nbsp;<\/p>\n<h2><span style=\"text-decoration: underline;\"><em><span style=\"color: #3366ff;\">Diretoria Consultiva:<\/span><\/em><\/span><\/h2>\n<h2>1\u00ba Diretor: Sr. Eduardo Soares Luz<br \/>\n2\u00ba Diretor: Sr. Dairton Jos\u00e9 Belli Monteiro<\/h2>\n<p>&nbsp;<\/p>\n<h2><span style=\"text-decoration: underline;\"><em><span style=\"color: #3366ff;\">Diretoria T\u00e9cnica:<\/span><\/em><\/span><\/h2>\n<h2>1\u00ba Diretor: Sr. Eduardo Ramos<br \/>\n2\u00ba Diretor: Sr Juan Leandro<br \/>\n3\u00ba Diretor: Sr.Luiz Fernando da Costa Prata<\/h2>\n<p>&nbsp;<\/p>\n<h2><span style=\"text-decoration: underline;\"><em><span style=\"color: #3366ff;\">Departamento Jur\u00eddico:<\/span><\/em><\/span><\/h2>\n<h2>1\u00ba Diretor: Sr. Luis Ricardo Viviani<br \/>\n2\u00ba Diretor: Sr.Paulo Ricardo de Toledo<\/h2>\n<p>&nbsp;<\/p>\n<h2><span style=\"color: #3366ff;\"><em><span style=\"text-decoration: underline;\">Departamento de Eventos:<\/span><\/em><\/span><\/h2>\n<h2>1\u00ba Diretor: Sr. Magno Rogerio Campos<br \/>\n2\u00ba Diretor: Sr.Edinardo Maia da Costa Filho<br \/>\n3\u00ba Diretor: Sr. Jair Gallo Junior<\/h2>\n<p>&nbsp;<\/p>\n<h2><span style=\"color: #3366ff;\"><em><span style=\"text-decoration: underline;\">Departamento de Fibra:<\/span><\/em><\/span><\/h2>\n<h2>FIBRA DE COLEIRA:<br \/>\n1\u00ba Diretor: Sr.Ronaldo de Oliveira<br \/>\n2\u00ba Diretor: Sr.Tiago da Silva Araujo<br \/>\n3\u00ba Diretor: Sr. Estev\u00e3o da S\u00e9 Valverde<\/h2>\n<h2>FIBRA DE CAN\u00c1RIO DA TERRA:<br \/>\n1\u00ba Diretor: Sr.Leandro Cesar Agripino Gomes<br \/>\n2\u00ba Diretor: Sr.Jair Gallo Junior<\/h2>\n<h2>FIBRA DE TRINCA &#8211; FERRO:<br \/>\n1\u00ba Diretor: Sr. Antonio Le\u00f4nidas Trindade Silva<br \/>\n2\u00ba Diretor: Sr Misael Gon\u00e7alves de Souza<\/h2>\n<h2>FIBRA DE AZUL\u00c3O<br \/>\n1\u00ba Diretor: Sr. Luciano Minervino da Silva<br \/>\n2\u00ba Diretor: Sr. Bruno Puyol Fancoy<\/h2>\n<h2>FIBRA DE CURI\u00d3:<br \/>\n1\u00ba Diretor: Sr. Magno Rogerio Campos<br \/>\n2\u00ba Diretor: Sr. Edson Luiz Carli<\/h2>\n<h2>FIBRA DE BICUDO:<br \/>\n1\u00ba Diretor: Sr. Eduardo Soares Luz<br \/>\n2\u00ba Diretor: Sr. Augustinho Bozzi Cipriano<br \/>\n3\u00ba Diretor: Sr. Ruan Moreira Correia<\/h2>\n<h2><\/h2>\n","protected":false},"excerpt":{"rendered":"<p>Nova Diretoria Executiva e Conselho Fiscal da CBSA !!! (Mandato de Abril 2024 a Abril 2027). Que possamos realizar uma excelente gest\u00e3o, atingindo grandes resultados, com a participa\u00e7\u00e3o e apoio de todos! Diretoria Executiva: Presidente: Sr. Eduardo Soares Luz 1\u00ba Vice-Presidente: Sr. Denilson Rufino da Silva &nbsp; 1\u00ba Secret\u00e1rio: Sr. Dairton Jos\u00e9 Belli Monteiro &nbsp;&hellip;<\/p>\n","protected":false},"author":2,"featured_media":0,"comment_status":"closed","ping_status":"closed","sticky":true,"template":"","format":"standard","meta":{"footnotes":""},"categories":[7,18],"tags":[],"_links":{"self":[{"href":"https:\/\/cbsa-passaros.com.br\/newsite\/index.php?rest_route=\/wp\/v2\/posts\/5987"}],"collection":[{"href":"https:\/\/cbsa-passaros.com.br\/newsite\/index.php?rest_route=\/wp\/v2\/posts"}],"about":[{"href":"https:\/\/cbsa-passaros.com.br\/newsite\/index.php?rest_route=\/wp\/v2\/types\/post"}],"author":[{"embeddable":true,"href":"https:\/\/cbsa-passaros.com.br\/newsite\/index.php?rest_route=\/wp\/v2\/users\/2"}],"replies":[{"embeddable":true,"href":"https:\/\/cbsa-passaros.com.br\/newsite\/index.php?rest_route=%2Fwp%2Fv2%2Fcomments&post=5987"}],"version-history":[{"count":26,"href":"https:\/\/cbsa-passaros.com.br\/newsite\/index.php?rest_route=\/wp\/v2\/posts\/5987\/revisions"}],"predecessor-version":[{"id":7505,"href":"https:\/\/cbsa-passaros.com.br\/newsite\/index.php?rest_route=\/wp\/v2\/posts\/5987\/revisions\/7505"}],"wp:attachment":[{"href":"https:\/\/cbsa-passaros.com.br\/newsite\/index.php?rest_route=%2Fwp%2Fv2%2Fmedia&parent=5987"}],"wp:term":[{"taxonomy":"category","embeddable":true,"href":"https:\/\/cbsa-passaros.com.br\/newsite\/index.php?rest_route=%2Fwp%2Fv2%2Fcategories&post=5987"},{"taxonomy":"post_tag","embeddable":true,"href":"https:\/\/cbsa-passaros.com.br\/newsite\/index.php?rest_route=%2Fwp%2Fv2%2Ftags&post=5987"}],"curies":[{"name":"wp","href":"https:\/\/api.w.org\/{rel}","templated":true}]}}