{"id":6296,"date":"2018-12-20T08:13:50","date_gmt":"2018-12-20T11:13:50","guid":{"rendered":"http:\/\/cbsa-passaros.com.br\/newsite\/?p=6296"},"modified":"2018-12-20T08:13:50","modified_gmt":"2018-12-20T11:13:50","slug":"6296","status":"publish","type":"post","link":"https:\/\/cbsa-passaros.com.br\/newsite\/?p=6296","title":{"rendered":""},"content":{"rendered":"<p>ASSOCIA\u00c7\u00c3O\u00a0 DOS\u00a0 CRIADORES \u00a0\u00a0DE\u00a0 CURI\u00d3S\u00a0 E\u00a0 BICUDOS\u00a0 SANTO ANDR\u00c9<\/p>\n<p>FUNDADA EM\u00a0 13.07.1969\u00a0 &#8211;\u00a0 CNPJ. 44.228.286\/0001-32\u00a0 &#8211; REG. IBAMA 546-981<\/p>\n<p>R.\u00a0 PAULO NOVAIS, 779\u00a0\u00a0\u00a0\u00a0\u00a0\u00a0 \u2013\u00a0\u00a0\u00a0 VILA:\u00a0 VIT\u00d3RIA\u00a0\u00a0\u00a0\u00a0\u00a0\u00a0 \u2013\u00a0\u00a0\u00a0\u00a0\u00a0 SANTO\u00a0 ANDR\u00c9\u00a0\u00a0\u00a0\u00a0 \u2013\u00a0 FONE : 4453-67-50\u00a0 \u2013\u00a0 FAX:\u00a0 4971.07.66<\/p>\n<p><strong>Ao Srs Associados.<\/strong><\/p>\n<p><strong> <\/strong><\/p>\n<p><strong>Por meio desta, viemos informar que os dias de funcionamento da secretaria no final deste ano ser\u00e1 normal, com o fechamento nos dias 23,24 e 25 devido ao feriado, retornando \u00e0s atividades no dia 26 at\u00e9 o dia 29 em hor\u00e1rio normal.<\/strong><\/p>\n<p><strong>Nos dias 30,31 e 01 de Janeiro secretaria estar\u00e1 fechada, retornando \u00e0s atividades no dia 02\/01\/2019.<\/strong><\/p>\n<p><strong> <\/strong><\/p>\n<p><strong> <\/strong><\/p>\n<p><strong> <\/strong><\/p>\n<p><strong> <\/strong><\/p>\n<p><strong> ATT<\/strong><\/p>\n<p><strong> <\/strong>Diretoria CBSA<\/p>\n<table cellspacing=\"0\" cellpadding=\"0\" align=\"left\">\n<tbody>\n<tr>\n<td width=\"159\" height=\"111\"><\/td>\n<\/tr>\n<tr>\n<td><\/td>\n<td><\/td>\n<\/tr>\n<\/tbody>\n<\/table>\n","protected":false},"excerpt":{"rendered":"<p>ASSOCIA\u00c7\u00c3O\u00a0 DOS\u00a0 CRIADORES \u00a0\u00a0DE\u00a0 CURI\u00d3S\u00a0 E\u00a0 BICUDOS\u00a0 SANTO ANDR\u00c9 FUNDADA EM\u00a0 13.07.1969\u00a0 &#8211;\u00a0 CNPJ. 44.228.286\/0001-32\u00a0 &#8211; REG. IBAMA 546-981 R.\u00a0 PAULO NOVAIS, 779\u00a0\u00a0\u00a0\u00a0\u00a0\u00a0 \u2013\u00a0\u00a0\u00a0 VILA:\u00a0 VIT\u00d3RIA\u00a0\u00a0\u00a0\u00a0\u00a0\u00a0 \u2013\u00a0\u00a0\u00a0\u00a0\u00a0 SANTO\u00a0 ANDR\u00c9\u00a0\u00a0\u00a0\u00a0 \u2013\u00a0 FONE : 4453-67-50\u00a0 \u2013\u00a0 FAX:\u00a0 4971.07.66 Ao Srs Associados. Por meio desta, viemos informar que os dias de funcionamento da secretaria no final deste ano&hellip;<\/p>\n","protected":false},"author":2,"featured_media":0,"comment_status":"open","ping_status":"open","sticky":false,"template":"","format":"standard","meta":{"footnotes":""},"categories":[1],"tags":[],"_links":{"self":[{"href":"https:\/\/cbsa-passaros.com.br\/newsite\/index.php?rest_route=\/wp\/v2\/posts\/6296"}],"collection":[{"href":"https:\/\/cbsa-passaros.com.br\/newsite\/index.php?rest_route=\/wp\/v2\/posts"}],"about":[{"href":"https:\/\/cbsa-passaros.com.br\/newsite\/index.php?rest_route=\/wp\/v2\/types\/post"}],"author":[{"embeddable":true,"href":"https:\/\/cbsa-passaros.com.br\/newsite\/index.php?rest_route=\/wp\/v2\/users\/2"}],"replies":[{"embeddable":true,"href":"https:\/\/cbsa-passaros.com.br\/newsite\/index.php?rest_route=%2Fwp%2Fv2%2Fcomments&post=6296"}],"version-history":[{"count":1,"href":"https:\/\/cbsa-passaros.com.br\/newsite\/index.php?rest_route=\/wp\/v2\/posts\/6296\/revisions"}],"predecessor-version":[{"id":6297,"href":"https:\/\/cbsa-passaros.com.br\/newsite\/index.php?rest_route=\/wp\/v2\/posts\/6296\/revisions\/6297"}],"wp:attachment":[{"href":"https:\/\/cbsa-passaros.com.br\/newsite\/index.php?rest_route=%2Fwp%2Fv2%2Fmedia&parent=6296"}],"wp:term":[{"taxonomy":"category","embeddable":true,"href":"https:\/\/cbsa-passaros.com.br\/newsite\/index.php?rest_route=%2Fwp%2Fv2%2Fcategories&post=6296"},{"taxonomy":"post_tag","embeddable":true,"href":"https:\/\/cbsa-passaros.com.br\/newsite\/index.php?rest_route=%2Fwp%2Fv2%2Ftags&post=6296"}],"curies":[{"name":"wp","href":"https:\/\/api.w.org\/{rel}","templated":true}]}}