{"id":6579,"date":"2019-05-27T17:32:22","date_gmt":"2019-05-27T20:32:22","guid":{"rendered":"http:\/\/cbsa-passaros.com.br\/newsite\/?p=6579"},"modified":"2019-05-27T17:32:37","modified_gmt":"2019-05-27T20:32:37","slug":"6579","status":"publish","type":"post","link":"https:\/\/cbsa-passaros.com.br\/newsite\/?p=6579","title":{"rendered":"PL 3264"},"content":{"rendered":"<p><a href=\"http:\/\/cbsa-passaros.com.br\/newsite\/wp-content\/uploads\/2019\/05\/PL-3264.jpg\"><img decoding=\"async\" loading=\"lazy\" class=\"alignleft size-medium wp-image-6580\" title=\"PL 3264\" src=\"http:\/\/cbsa-passaros.com.br\/newsite\/wp-content\/uploads\/2019\/05\/PL-3264-300x300.jpg\" alt=\"\" width=\"300\" height=\"300\" srcset=\"https:\/\/cbsa-passaros.com.br\/newsite\/wp-content\/uploads\/2019\/05\/PL-3264-300x300.jpg 300w, https:\/\/cbsa-passaros.com.br\/newsite\/wp-content\/uploads\/2019\/05\/PL-3264-150x150.jpg 150w, https:\/\/cbsa-passaros.com.br\/newsite\/wp-content\/uploads\/2019\/05\/PL-3264-1024x1024.jpg 1024w, https:\/\/cbsa-passaros.com.br\/newsite\/wp-content\/uploads\/2019\/05\/PL-3264.jpg 1600w\" sizes=\"(max-width: 300px) 100vw, 300px\" \/><\/a>No dia 21\/05\/2019 em Bras\u00edlia, houve uma audi\u00eancia p\u00fablica contra a PL3264 (contra a cria\u00e7\u00e3o de p\u00e1ssaros),\u00a0 na Comiss\u00e3o do Meio Ambiente na C\u00e2mara dos Deputados. Estiveram presentes nesta audi\u00eancia a diretoria Febraps X Cobrap, e presidente CBSA, todos para defender a classe de criadores de p\u00e1ssaros, houve uma grande mobiliza\u00e7\u00e3o de criadores de in\u00fameras localidades. O sr. Secret\u00e1rio Jo\u00e3o Manoel (Jo\u00e3ozinho), juntamente com o Presidente Febraps e CBSA Jos\u00e9 Carlos (Nego), parabenizam a articula\u00e7\u00e3o e trabalho de todas entidades da classe que defende e mobiliza criadores. Agradecimento especial ao Deputado Federal de S\u00e3o Paulo, Dr. Gilberto Nascimento.<\/p>\n","protected":false},"excerpt":{"rendered":"<p>No dia 21\/05\/2019 em Bras\u00edlia, houve uma audi\u00eancia p\u00fablica contra a PL3264 (contra a cria\u00e7\u00e3o de p\u00e1ssaros),\u00a0 na Comiss\u00e3o do Meio Ambiente na C\u00e2mara dos Deputados. Estiveram presentes nesta audi\u00eancia a diretoria Febraps X Cobrap, e presidente CBSA, todos para defender a classe de criadores de p\u00e1ssaros, houve uma grande mobiliza\u00e7\u00e3o de criadores de in\u00fameras&hellip;<\/p>\n","protected":false},"author":2,"featured_media":0,"comment_status":"open","ping_status":"open","sticky":false,"template":"","format":"standard","meta":{"footnotes":""},"categories":[1],"tags":[],"_links":{"self":[{"href":"https:\/\/cbsa-passaros.com.br\/newsite\/index.php?rest_route=\/wp\/v2\/posts\/6579"}],"collection":[{"href":"https:\/\/cbsa-passaros.com.br\/newsite\/index.php?rest_route=\/wp\/v2\/posts"}],"about":[{"href":"https:\/\/cbsa-passaros.com.br\/newsite\/index.php?rest_route=\/wp\/v2\/types\/post"}],"author":[{"embeddable":true,"href":"https:\/\/cbsa-passaros.com.br\/newsite\/index.php?rest_route=\/wp\/v2\/users\/2"}],"replies":[{"embeddable":true,"href":"https:\/\/cbsa-passaros.com.br\/newsite\/index.php?rest_route=%2Fwp%2Fv2%2Fcomments&post=6579"}],"version-history":[{"count":2,"href":"https:\/\/cbsa-passaros.com.br\/newsite\/index.php?rest_route=\/wp\/v2\/posts\/6579\/revisions"}],"predecessor-version":[{"id":6582,"href":"https:\/\/cbsa-passaros.com.br\/newsite\/index.php?rest_route=\/wp\/v2\/posts\/6579\/revisions\/6582"}],"wp:attachment":[{"href":"https:\/\/cbsa-passaros.com.br\/newsite\/index.php?rest_route=%2Fwp%2Fv2%2Fmedia&parent=6579"}],"wp:term":[{"taxonomy":"category","embeddable":true,"href":"https:\/\/cbsa-passaros.com.br\/newsite\/index.php?rest_route=%2Fwp%2Fv2%2Fcategories&post=6579"},{"taxonomy":"post_tag","embeddable":true,"href":"https:\/\/cbsa-passaros.com.br\/newsite\/index.php?rest_route=%2Fwp%2Fv2%2Ftags&post=6579"}],"curies":[{"name":"wp","href":"https:\/\/api.w.org\/{rel}","templated":true}]}}