{"id":70,"date":"2011-02-22T22:48:47","date_gmt":"2011-02-23T01:48:47","guid":{"rendered":"http:\/\/cbsa-passaros.com.br\/newsite\/?p=70"},"modified":"2011-03-24T14:36:55","modified_gmt":"2011-03-24T17:36:55","slug":"socios-remidos","status":"publish","type":"post","link":"https:\/\/cbsa-passaros.com.br\/newsite\/?p=70","title":{"rendered":"S\u00f3cios Remidos"},"content":{"rendered":"<p><a href=\"http:\/\/cbsa-passaros.com.br\/newsite\/wp-content\/uploads\/2011\/02\/Const_31.jpg\"><img decoding=\"async\" loading=\"lazy\" src=\"http:\/\/cbsa-passaros.com.br\/newsite\/wp-content\/uploads\/2011\/02\/Const_31-300x216.jpg\" alt=\"\" title=\"Const_3\" width=\"300\" height=\"216\" class=\"alignnone size-medium wp-image-143\" srcset=\"https:\/\/cbsa-passaros.com.br\/newsite\/wp-content\/uploads\/2011\/02\/Const_31-300x216.jpg 300w, https:\/\/cbsa-passaros.com.br\/newsite\/wp-content\/uploads\/2011\/02\/Const_31.jpg 450w\" sizes=\"(max-width: 300px) 100vw, 300px\" \/><\/a><br \/>\nT\u00edtulos concedidos aos Associados que por 25 Anos fazem parte de nossa Associa\u00e7\u00e3o, ajudando cada vez mais no fortalecimento de nossa entidade. Temos o enorme prazer em Homenage\u00e1-los.<\/p>\n<p> Antonio Inacio Veiga<br \/>\nAdelino Nanzer<br \/>\n Antonio Bonfim<br \/>\nAntonio Grespan<br \/>\n Armando Fuentes Tietes<br \/>\nAugusto Knoll<br \/>\n Cezar Augusto Alves<br \/>\nEveraldo Palavezzini<br \/>\n Flavio S.l.Penteado Filho<br \/>\nGermano Navelli Assis<br \/>\n Guilherme Antonio Schick<br \/>\nGuilherme Slonzon<br \/>\n Heitor M.Moreira<br \/>\nHumberto Mario Turin<br \/>\n Humberto Turin Neto<br \/>\nJo\u00e3o Cacace Neto<br \/>\n Jo\u00e3o Fragnan<br \/>\nJo\u00e3o Palma<br \/>\n Jo\u00e3o Valeriano P.R.Figuera<br \/>\nJose Antonio Pulini<br \/>\n Jose Carlos Mortaio<br \/>\nJose da Silva Correa<br \/>\n Jose dos S. Almeida Filho<br \/>\nJose Geraldo Bertassolli<br \/>\n Jose Jader Amorim<br \/>\n Leo Sergio Valente<br \/>\n Leonildo Burgos<br \/>\n Luiz Aparecido Campos<br \/>\n Luiz Tonus<br \/>\nMario Antonio Bressanin<br \/>\n Mario Correa Leite<br \/>\nMoises Fernandes<br \/>\n Nelson Joaquim<br \/>\nNorival do Ramos<br \/>\n Pedro Sanches Martin<br \/>\nRamon Sanches<br \/>\n Reinero Polydoro<br \/>\n Rubens Daniel Belissi<br \/>\n Sergio Tozzi<br \/>\nSilvio de Souza<br \/>\n Umberto Agenor Turin<br \/>\nWilson Cavalli<\/p>\n","protected":false},"excerpt":{"rendered":"<p>T\u00edtulos concedidos aos Associados que por 25 Anos fazem parte de nossa Associa\u00e7\u00e3o, ajudando cada vez mais no fortalecimento de nossa entidade. Temos o enorme prazer em Homenage\u00e1-los. Antonio Inacio Veiga Adelino Nanzer Antonio Bonfim Antonio Grespan Armando Fuentes Tietes Augusto Knoll Cezar Augusto Alves Everaldo Palavezzini Flavio S.l.Penteado Filho Germano Navelli Assis Guilherme Antonio&hellip;<\/p>\n","protected":false},"author":1,"featured_media":0,"comment_status":"closed","ping_status":"closed","sticky":false,"template":"","format":"standard","meta":{"footnotes":""},"categories":[7],"tags":[],"_links":{"self":[{"href":"https:\/\/cbsa-passaros.com.br\/newsite\/index.php?rest_route=\/wp\/v2\/posts\/70"}],"collection":[{"href":"https:\/\/cbsa-passaros.com.br\/newsite\/index.php?rest_route=\/wp\/v2\/posts"}],"about":[{"href":"https:\/\/cbsa-passaros.com.br\/newsite\/index.php?rest_route=\/wp\/v2\/types\/post"}],"author":[{"embeddable":true,"href":"https:\/\/cbsa-passaros.com.br\/newsite\/index.php?rest_route=\/wp\/v2\/users\/1"}],"replies":[{"embeddable":true,"href":"https:\/\/cbsa-passaros.com.br\/newsite\/index.php?rest_route=%2Fwp%2Fv2%2Fcomments&post=70"}],"version-history":[{"count":8,"href":"https:\/\/cbsa-passaros.com.br\/newsite\/index.php?rest_route=\/wp\/v2\/posts\/70\/revisions"}],"predecessor-version":[{"id":382,"href":"https:\/\/cbsa-passaros.com.br\/newsite\/index.php?rest_route=\/wp\/v2\/posts\/70\/revisions\/382"}],"wp:attachment":[{"href":"https:\/\/cbsa-passaros.com.br\/newsite\/index.php?rest_route=%2Fwp%2Fv2%2Fmedia&parent=70"}],"wp:term":[{"taxonomy":"category","embeddable":true,"href":"https:\/\/cbsa-passaros.com.br\/newsite\/index.php?rest_route=%2Fwp%2Fv2%2Fcategories&post=70"},{"taxonomy":"post_tag","embeddable":true,"href":"https:\/\/cbsa-passaros.com.br\/newsite\/index.php?rest_route=%2Fwp%2Fv2%2Ftags&post=70"}],"curies":[{"name":"wp","href":"https:\/\/api.w.org\/{rel}","templated":true}]}}