{"id":7459,"date":"2024-06-19T14:12:34","date_gmt":"2024-06-19T17:12:34","guid":{"rendered":"https:\/\/cbsa-passaros.com.br\/newsite\/?p=7459"},"modified":"2024-06-19T14:12:56","modified_gmt":"2024-06-19T17:12:56","slug":"convocacao-extraordinaria-23-06-09h","status":"publish","type":"post","link":"https:\/\/cbsa-passaros.com.br\/newsite\/?p=7459","title":{"rendered":"CONVOCA\u00c7\u00c3O EXTRAORDIN\u00c1RIA | 23\/06 &#8211; 09H"},"content":{"rendered":"<p><span class=\"OYPEnA text-decoration-none text-strikethrough-none\">Conforme determina o artigo n\u00ba 18 do Estatuto Social, ficam convocados os Senhores Associados para a Assembleia Geral Extraordin\u00e1ria em car\u00e1ter de urg\u00eancia, que ser\u00e1 realizada no dia <\/span><span class=\"OYPEnA text-decoration-none text-strikethrough-none\">23 de junho de 2024<\/span><span class=\"OYPEnA text-decoration-none text-strikethrough-none\"> \u00e0s 09h em primeira convoca\u00e7\u00e3o, ou \u00e0s 09h30 em segunda convoca\u00e7\u00e3o. Com qualquer n\u00famero de associados presentes em nossa sede social, situada na Rua Paulo Novais, 779 &#8211; Vila Vit\u00f3ria na cidade de Santo Andr\u00e9.<\/span><\/p>\n<p><img decoding=\"async\" loading=\"lazy\" class=\"aligncenter size-full wp-image-7460\" src=\"https:\/\/cbsa-passaros.com.br\/newsite\/wp-content\/uploads\/2024\/06\/CBSA-CONVOCACAO.png\" alt=\"\" width=\"1080\" height=\"1920\" srcset=\"https:\/\/cbsa-passaros.com.br\/newsite\/wp-content\/uploads\/2024\/06\/CBSA-CONVOCACAO.png 1080w, https:\/\/cbsa-passaros.com.br\/newsite\/wp-content\/uploads\/2024\/06\/CBSA-CONVOCACAO-169x300.png 169w, https:\/\/cbsa-passaros.com.br\/newsite\/wp-content\/uploads\/2024\/06\/CBSA-CONVOCACAO-576x1024.png 576w, https:\/\/cbsa-passaros.com.br\/newsite\/wp-content\/uploads\/2024\/06\/CBSA-CONVOCACAO-768x1365.png 768w, https:\/\/cbsa-passaros.com.br\/newsite\/wp-content\/uploads\/2024\/06\/CBSA-CONVOCACAO-864x1536.png 864w\" sizes=\"(max-width: 1080px) 100vw, 1080px\" \/><\/p>\n","protected":false},"excerpt":{"rendered":"<p>Conforme determina o artigo n\u00ba 18 do Estatuto Social, ficam convocados os Senhores Associados para a Assembleia Geral Extraordin\u00e1ria em car\u00e1ter de urg\u00eancia, que ser\u00e1 realizada no dia 23 de junho de 2024 \u00e0s 09h em primeira convoca\u00e7\u00e3o, ou \u00e0s 09h30 em segunda convoca\u00e7\u00e3o. Com qualquer n\u00famero de associados presentes em nossa sede social, situada&hellip;<\/p>\n","protected":false},"author":2,"featured_media":7461,"comment_status":"open","ping_status":"open","sticky":false,"template":"","format":"standard","meta":{"footnotes":""},"categories":[5,1],"tags":[],"_links":{"self":[{"href":"https:\/\/cbsa-passaros.com.br\/newsite\/index.php?rest_route=\/wp\/v2\/posts\/7459"}],"collection":[{"href":"https:\/\/cbsa-passaros.com.br\/newsite\/index.php?rest_route=\/wp\/v2\/posts"}],"about":[{"href":"https:\/\/cbsa-passaros.com.br\/newsite\/index.php?rest_route=\/wp\/v2\/types\/post"}],"author":[{"embeddable":true,"href":"https:\/\/cbsa-passaros.com.br\/newsite\/index.php?rest_route=\/wp\/v2\/users\/2"}],"replies":[{"embeddable":true,"href":"https:\/\/cbsa-passaros.com.br\/newsite\/index.php?rest_route=%2Fwp%2Fv2%2Fcomments&post=7459"}],"version-history":[{"count":1,"href":"https:\/\/cbsa-passaros.com.br\/newsite\/index.php?rest_route=\/wp\/v2\/posts\/7459\/revisions"}],"predecessor-version":[{"id":7462,"href":"https:\/\/cbsa-passaros.com.br\/newsite\/index.php?rest_route=\/wp\/v2\/posts\/7459\/revisions\/7462"}],"wp:featuredmedia":[{"embeddable":true,"href":"https:\/\/cbsa-passaros.com.br\/newsite\/index.php?rest_route=\/wp\/v2\/media\/7461"}],"wp:attachment":[{"href":"https:\/\/cbsa-passaros.com.br\/newsite\/index.php?rest_route=%2Fwp%2Fv2%2Fmedia&parent=7459"}],"wp:term":[{"taxonomy":"category","embeddable":true,"href":"https:\/\/cbsa-passaros.com.br\/newsite\/index.php?rest_route=%2Fwp%2Fv2%2Fcategories&post=7459"},{"taxonomy":"post_tag","embeddable":true,"href":"https:\/\/cbsa-passaros.com.br\/newsite\/index.php?rest_route=%2Fwp%2Fv2%2Ftags&post=7459"}],"curies":[{"name":"wp","href":"https:\/\/api.w.org\/{rel}","templated":true}]}}