{"id":829,"date":"2012-01-04T12:05:41","date_gmt":"2012-01-04T15:05:41","guid":{"rendered":"http:\/\/cbsa-passaros.com.br\/newsite\/?p=829"},"modified":"2012-01-04T12:11:58","modified_gmt":"2012-01-04T15:11:58","slug":"in-das-anilhas","status":"publish","type":"post","link":"https:\/\/cbsa-passaros.com.br\/newsite\/?p=829","title":{"rendered":"IN das Anilhas"},"content":{"rendered":"<div><strong>Fonte:<\/strong> <a href=\"http:\/\/www.marquezelli.com.br\/passarinheiros\/deputado-nelson-marquezelli-acompanha-assinatura-da-in-das-anilhas\">Deputado Nelson\u00a0Marquelezi<\/a><\/div>\n<p>O presidente do Instituto Brasileiro do Meio Ambiente e dos Recursos Naturais Renov\u00e1veis (Ibama), Curt Trennepohl, assinou hoje (14\/12) a Instru\u00e7\u00e3o Normativa das Anilhas. A publica\u00e7\u00e3o no D\u00e1rio Oficial deve acontecer amanh\u00e3 (15\/12) ou sexta-feira (16\/12) quando sair\u00e1 o n\u00famero da IN. A informa\u00e7\u00e3o foi recebida pelos deputados Valdir Colatto e Nelson Marquezelli no final da tarde desta quarta-feira em reuni\u00e3o com o Diretor de Uso Sustent\u00e1vel da Biodiversidade e Florestas (Dbflo), Reginaldo Anaissi Costa, na sede do IBAMA em Bras\u00edlia.<\/p>\n<div>Durante a reuni\u00e3o os parlamentares questionaram como ficar\u00e3o as superintend\u00eancias estaduais com a aprova\u00e7\u00e3o da <a href=\"http:\/\/trincaferroverdadeiro.blogspot.com\/2011\/12\/aprovada-lei-das-competencias.html\" target=\"_blank\">Lei Complementar 140\/2011<\/a> que fixa normas de coopera\u00e7\u00e3o entre a Uni\u00e3o, Estados, o Distrito Federal e os Munic\u00edpios nas a\u00e7\u00f5es administrativas decorrentes do exerc\u00edcio da compet\u00eancia comum relativas \u00e0 fauna, no que diz respeito aos artigos 8\u00ba inciso XIX, \u201cS\u00e3o a\u00e7\u00f5es administrativas dos Estados: XIX aprovar o funcionamento de criadouros da fauna silvestre\u201d.<\/div>\n<div>Anaissi Costa destacou que representantes dos 27 Estados juntamente com a \u00e1rea jur\u00eddica e t\u00e9cnica do IBAMA est\u00e3o reunidos nesta semana em Bras\u00edlia discutindo a LC 140 para que haja uma interpreta\u00e7\u00e3o \u00fanica para os Estados promovendo uma uniformiza\u00e7\u00e3o dos procedimentos.<\/div>\n<div><\/div>\n<div><strong><a href=\"https:\/\/docs.google.com\/viewer?a=v&amp;pid=explorer&amp;chrome=true&amp;srcid=0B4p5SBp1Z_oxNjI3NTQzODAtZTE5Yy00MzgzLWE1ZWMtYTFiYWUyNDE4MmU0&amp;hl=en_US\" target=\"_blank\">Download IN das Anilhas<\/a><\/strong><\/div>\n<div><strong><br \/>\n<\/strong><\/div>\n<div><strong><a href=\"http:\/\/cbsa-passaros.com.br\/newsite\/wp-content\/uploads\/2012\/01\/7186299.jpg\"><img decoding=\"async\" loading=\"lazy\" class=\"alignnone size-medium wp-image-832\" title=\"7186299\" src=\"http:\/\/cbsa-passaros.com.br\/newsite\/wp-content\/uploads\/2012\/01\/7186299-300x206.jpg\" alt=\"\" width=\"300\" height=\"206\" srcset=\"https:\/\/cbsa-passaros.com.br\/newsite\/wp-content\/uploads\/2012\/01\/7186299-300x206.jpg 300w, https:\/\/cbsa-passaros.com.br\/newsite\/wp-content\/uploads\/2012\/01\/7186299.jpg 730w\" sizes=\"(max-width: 300px) 100vw, 300px\" \/><\/a><br \/>\n<\/strong><\/div>\n","protected":false},"excerpt":{"rendered":"<p>Fonte: Deputado Nelson\u00a0Marquelezi O presidente do Instituto Brasileiro do Meio Ambiente e dos Recursos Naturais Renov\u00e1veis (Ibama), Curt Trennepohl, assinou hoje (14\/12) a Instru\u00e7\u00e3o Normativa das Anilhas. A publica\u00e7\u00e3o no D\u00e1rio Oficial deve acontecer amanh\u00e3 (15\/12) ou sexta-feira (16\/12) quando sair\u00e1 o n\u00famero da IN. A informa\u00e7\u00e3o foi recebida pelos deputados Valdir Colatto e Nelson&hellip;<\/p>\n","protected":false},"author":2,"featured_media":0,"comment_status":"open","ping_status":"open","sticky":false,"template":"","format":"standard","meta":{"footnotes":""},"categories":[1],"tags":[],"_links":{"self":[{"href":"https:\/\/cbsa-passaros.com.br\/newsite\/index.php?rest_route=\/wp\/v2\/posts\/829"}],"collection":[{"href":"https:\/\/cbsa-passaros.com.br\/newsite\/index.php?rest_route=\/wp\/v2\/posts"}],"about":[{"href":"https:\/\/cbsa-passaros.com.br\/newsite\/index.php?rest_route=\/wp\/v2\/types\/post"}],"author":[{"embeddable":true,"href":"https:\/\/cbsa-passaros.com.br\/newsite\/index.php?rest_route=\/wp\/v2\/users\/2"}],"replies":[{"embeddable":true,"href":"https:\/\/cbsa-passaros.com.br\/newsite\/index.php?rest_route=%2Fwp%2Fv2%2Fcomments&post=829"}],"version-history":[{"count":5,"href":"https:\/\/cbsa-passaros.com.br\/newsite\/index.php?rest_route=\/wp\/v2\/posts\/829\/revisions"}],"predecessor-version":[{"id":835,"href":"https:\/\/cbsa-passaros.com.br\/newsite\/index.php?rest_route=\/wp\/v2\/posts\/829\/revisions\/835"}],"wp:attachment":[{"href":"https:\/\/cbsa-passaros.com.br\/newsite\/index.php?rest_route=%2Fwp%2Fv2%2Fmedia&parent=829"}],"wp:term":[{"taxonomy":"category","embeddable":true,"href":"https:\/\/cbsa-passaros.com.br\/newsite\/index.php?rest_route=%2Fwp%2Fv2%2Fcategories&post=829"},{"taxonomy":"post_tag","embeddable":true,"href":"https:\/\/cbsa-passaros.com.br\/newsite\/index.php?rest_route=%2Fwp%2Fv2%2Ftags&post=829"}],"curies":[{"name":"wp","href":"https:\/\/api.w.org\/{rel}","templated":true}]}}